{"id":129,"date":"2018-07-16T12:03:02","date_gmt":"2018-07-16T11:03:02","guid":{"rendered":"http:\/\/cultures-d-italie.home.blog\/?p=129"},"modified":"2018-07-16T12:03:02","modified_gmt":"2018-07-16T11:03:02","slug":"direction-litalie-avec-rtl","status":"publish","type":"post","link":"https:\/\/ciao-gusto.com\/cultures-ditalie\/direction-litalie-avec-rtl\/","title":{"rendered":"Direction l&rsquo;Italie&#8230;avec RTL"},"content":{"rendered":"\n<h4>Un lancement sur de bonnes ondes !<\/h4>\n\n\n\n<p class=\"has-text-color has-dark-gray-color\">Mathieu, le fondateur de Slow Presto, \u00e9tait sur RTL (Emission \u00ab\u00a0On vous r\u00e9gale\u00a0\u00bb consacr\u00e9e aux p\u00e2tes) lundi 16 juillet. La <em>pasta<\/em>, l&rsquo;incontournable de la gastronomie italienne, m\u00e9rite bien qu&rsquo;on lui consacre une \u00e9mission enti\u00e8re ! Il en a profit\u00e9 pour parler de la <strong><em>philosophie de Slow Presto et du Slow Food<\/em><\/strong> (<a href=\"https:\/\/slowfood.fr\/\">ce mouvement cr\u00e9\u00e9 en Italie promeut une alimentation bonne, propre et juste<\/a>), de la mani\u00e8re dont nous s\u00e9lectionnons nos produits sur le terrain et surtout de la belle histoire de <a href=\"https:\/\/www.pastamancini.com\/it\/\">Pasta Mancini<\/a>.<\/p>\n\n\n\n<p class=\"has-text-color has-dark-gray-color\">Ce producteur, install\u00e9 dans les Marches italiennes, cultive son bl\u00e9 depuis plusieurs g\u00e9n\u00e9rations. Il y a quelques ann\u00e9es, la famille Mancini d\u00e9cide de fabriquer des p\u00e2tes avec son propre bl\u00e9. Ils b\u00e2tissent le <em>pastificio<\/em> au beau milieu des champs et l&rsquo;aventure d\u00e9marre ! Depuis, les meilleurs chefs italiens cuisinent la <a href=\"https:\/\/slow-presto.com\/17_pasta-mancini\">Pasta Mancini<\/a> au bon go\u00fbt de bl\u00e9. <strong><em>De la terre \u00e0 l&rsquo;assiette, voil\u00e0 un cercle vertueux qui m\u00e9rite le d\u00e9tour !<\/em><\/strong><\/p>\n\n\n\n<figure class=\"wp-block-image\"><img loading=\"lazy\" width=\"2000\" height=\"500\" src=\"http:\/\/slow-presto.com\/cultures-ditalie\/wp-content\/uploads\/2018\/11\/i140834-rtl-vous-regale.jpeg?w=1000\" alt=\"\" class=\"wp-image-132\" srcset=\"https:\/\/ciao-gusto.com\/cultures-ditalie\/wp-content\/uploads\/2018\/11\/i140834-rtl-vous-regale.jpeg 2000w, https:\/\/ciao-gusto.com\/cultures-ditalie\/wp-content\/uploads\/2018\/11\/i140834-rtl-vous-regale-300x75.jpeg 300w, https:\/\/ciao-gusto.com\/cultures-ditalie\/wp-content\/uploads\/2018\/11\/i140834-rtl-vous-regale-768x192.jpeg 768w, https:\/\/ciao-gusto.com\/cultures-ditalie\/wp-content\/uploads\/2018\/11\/i140834-rtl-vous-regale-1024x256.jpeg 1024w\" sizes=\"(max-width: 2000px) 100vw, 2000px\" \/><figcaption>Luana Belmondo et Jean-Michel Zecca ont parl\u00e9 p\u00e2tes sur RTL<\/figcaption><\/figure>\n\n\n\n<p style=\"text-align:center;\" class=\"has-text-color has-background has-white-color has-medium-gray-background-color\">Ecoutez son intervention \u00e0 partir de la 33e minute en\u00a0<a rel=\"noreferrer noopener\" href=\"https:\/\/www.rtl.fr\/actu\/conso\/direction-l-italie-avec-les-pates-7794015982\" target=\"_blank\">cliquant ici<\/a>\u00a0<\/p>\n\n\n\n<hr class=\"wp-block-separator\" \/>\n\n\n\n<h4 style=\"text-align:center;\">Retrouvez les produits sur la boutique en ligne<\/h4>\n\n\n\n<div class=\"wp-block-image\"><figure class=\"aligncenter is-resized\"><a href=\"https:\/\/slow-presto.com\/17_pasta-mancini\" target=\"_blank\" rel=\"noreferrer noopener\"><img loading=\"lazy\" src=\"http:\/\/slow-presto.com\/cultures-ditalie\/wp-content\/uploads\/2018\/11\/man45-sedano-righe.jpg\" alt=\"\" class=\"wp-image-135\" width=\"161\" height=\"409\" srcset=\"https:\/\/ciao-gusto.com\/cultures-ditalie\/wp-content\/uploads\/2018\/11\/man45-sedano-righe.jpg 500w, https:\/\/ciao-gusto.com\/cultures-ditalie\/wp-content\/uploads\/2018\/11\/man45-sedano-righe-118x300.jpg 118w, https:\/\/ciao-gusto.com\/cultures-ditalie\/wp-content\/uploads\/2018\/11\/man45-sedano-righe-403x1024.jpg 403w\" sizes=\"(max-width: 161px) 100vw, 161px\" \/><\/a><figcaption><a href=\"https:\/\/slow-presto.com\/17_pasta-mancini\">P\u00e2tes bio au bl\u00e9 ancien Turanico PASTA MANCINI<\/a><\/figcaption><\/figure><\/div>\n","protected":false},"excerpt":{"rendered":"<p>Un lancement sur de bonnes ondes ! Mathieu, le fondateur de Slow Presto, \u00e9tait sur RTL (Emission \u00ab\u00a0On vous r\u00e9gale\u00a0\u00bb consacr\u00e9e aux p\u00e2tes) lundi 16 juillet. La pasta, l&rsquo;incontournable de la gastronomie italienne, m\u00e9rite bien qu&rsquo;on lui consacre une \u00e9mission enti\u00e8re ! Il en a profit\u00e9 pour parler de la philosophie de Slow Presto et&#8230; <\/p>\n<div class=\"link-more\"><a href=\"https:\/\/ciao-gusto.com\/cultures-ditalie\/direction-litalie-avec-rtl\/\">Lire plus<\/a><\/div>\n","protected":false},"author":2,"featured_media":132,"comment_status":"open","ping_status":"open","sticky":false,"template":"","format":"standard","meta":[],"categories":[5],"tags":[],"_links":{"self":[{"href":"https:\/\/ciao-gusto.com\/cultures-ditalie\/wp-json\/wp\/v2\/posts\/129"}],"collection":[{"href":"https:\/\/ciao-gusto.com\/cultures-ditalie\/wp-json\/wp\/v2\/posts"}],"about":[{"href":"https:\/\/ciao-gusto.com\/cultures-ditalie\/wp-json\/wp\/v2\/types\/post"}],"author":[{"embeddable":true,"href":"https:\/\/ciao-gusto.com\/cultures-ditalie\/wp-json\/wp\/v2\/users\/2"}],"replies":[{"embeddable":true,"href":"https:\/\/ciao-gusto.com\/cultures-ditalie\/wp-json\/wp\/v2\/comments?post=129"}],"version-history":[{"count":0,"href":"https:\/\/ciao-gusto.com\/cultures-ditalie\/wp-json\/wp\/v2\/posts\/129\/revisions"}],"wp:featuredmedia":[{"embeddable":true,"href":"https:\/\/ciao-gusto.com\/cultures-ditalie\/wp-json\/wp\/v2\/media\/132"}],"wp:attachment":[{"href":"https:\/\/ciao-gusto.com\/cultures-ditalie\/wp-json\/wp\/v2\/media?parent=129"}],"wp:term":[{"taxonomy":"category","embeddable":true,"href":"https:\/\/ciao-gusto.com\/cultures-ditalie\/wp-json\/wp\/v2\/categories?post=129"},{"taxonomy":"post_tag","embeddable":true,"href":"https:\/\/ciao-gusto.com\/cultures-ditalie\/wp-json\/wp\/v2\/tags?post=129"}],"curies":[{"name":"wp","href":"https:\/\/api.w.org\/{rel}","templated":true}]}}